{"id":8774,"date":"2024-04-29T19:48:58","date_gmt":"2024-04-29T17:48:58","guid":{"rendered":"http:\/\/www.velehrad.org.uk\/?p=8774"},"modified":"2024-04-29T19:50:17","modified_gmt":"2024-04-29T17:50:17","slug":"svatojanska-oslava-v-nedeli-12-kvetna","status":"publish","type":"post","link":"http:\/\/www.velehrad.org.uk\/?p=8774","title":{"rendered":"Svatoj\u00e1nsk\u00e1 oslava v ned\u011bli 12. kv\u011btna"},"content":{"rendered":"<div style=\"text-align: center;\"><i>Mil\u00ed p\u0159\u00e1tel\u00e9,<u><\/u><u><\/u><\/i><\/div>\n<p style=\"text-align: center;\" align=\"center\">&nbsp;<\/p>\n<div style=\"text-align: center;\">Spr\u00e1vn\u00ed rada lond\u00fdnsk\u00e9ho Velehradu V\u00e1s srde\u010dn\u011b zve na<u><\/u><u><\/u><\/div>\n<div style=\"text-align: center;\"><b>&nbsp;<\/b><\/div>\n<div style=\"text-align: center;\"><b>Svatoj\u00e1nskou oslavu v ned\u011bli 12. kv\u011btna<u><\/u><u><\/u><\/b><\/div>\n<p style=\"text-align: center;\" align=\"center\">&nbsp;<\/p>\n<div style=\"text-align: center;\"><b>ve 2.30 hod bude slou\u017eit m\u0161i svatou<u><\/u><u><\/u><\/b><\/div>\n<div style=\"text-align: center;\">(s p\u0159\u00edle\u017eitost\u00ed ke svat\u00e9 zpov\u011bdi od 1.30 hod)<u><\/u><u><\/u><\/div>\n<p style=\"text-align: center;\" align=\"center\">&nbsp;<\/p>\n<div style=\"text-align: center;\"><i>otec Tom\u00e1\u0161 Roule<u><\/u><u><\/u><\/i><\/div>\n<div style=\"text-align: center;\"><i>spiritu\u00e1l \u0159\u00edmsk\u00e9ho Nepomucena<\/i><b><i><u><\/u><u><\/u><\/i><\/b><\/div>\n<p style=\"text-align: center;\" align=\"center\">&nbsp;<\/p>\n<div style=\"text-align: center;\"><b>Od 3.30 \u2013 6.30 oslav\u00edme sv\u00e1tek svat\u00e9ho Jana v prostor\u00e1ch<u><\/u><u><\/u><\/b><\/div>\n<div style=\"text-align: center;\"><b>Czerninova s\u00e1lu a na zahrad\u011b<u><\/u><u><\/u><\/b><\/div>\n<div style=\"text-align: center;\"><b>&nbsp;<\/b><\/div>\n<div style=\"text-align: center;\">Na programu kr\u00e1tk\u00fd proslov o svat\u00e9m Janovi Nepomuck\u00e9m, hudebn\u00ed vystoupen\u00ed<u><\/u><u><\/u><\/div>\n<div style=\"text-align: center;\">a ob\u010derstven\u00ed: grilovan\u00e9 klob\u00e1sy, \u010desk\u00fd chl\u00e9b, n\u00e1poje a mou\u010dn\u00edky.<u><\/u><u><\/u><\/div>\n<div style=\"text-align: center;\">&nbsp;<\/div>\n<div style=\"text-align: center;\"><b>Dejte n\u00e1m, pros\u00edm v\u011bd\u011bt do 8. kv\u011btna<\/b>, zda s v\u00e1mi m\u016f\u017eeme po\u010d\u00edtat.<u><\/u><u><\/u><\/div>\n<p style=\"text-align: center;\" align=\"center\">&nbsp;<\/p>\n<div style=\"text-align: center;\"><b><i>V\u0161ichni jste srde\u010dn\u011b zv\u00e1ni.<u><\/u><u><\/u><\/i><\/b><\/div>\n<div style=\"text-align: center;\"><b><i>&nbsp;<\/i><\/b><\/div>\n<div style=\"text-align: center;\"><b><i>Vstup na oslavu \u00a35.<u><\/u><u><\/u><\/i><\/b><\/div>\n<div style=\"text-align: center;\"><b><i>&nbsp;<\/i><\/b><\/div>\n<div style=\"text-align: center;\">P\u0159ihla\u0161te se, pros\u00edm, p\u0159edem na&nbsp;<a href=\"mailto:marta.tomsky@velehrad.org.uk\" target=\"_blank\" rel=\"noopener\"><b>marta.tomsky@velehrad.org.<wbr>uk<\/b><\/a><b>&nbsp;nebo na mobil&nbsp;<\/b><b>07468 570 551<u><\/u><u><\/u><\/b><\/div>\n<div style=\"text-align: center;\"><b><u><\/u>&nbsp;<u><\/u><\/b><\/div>\n<p style=\"text-align: center;\" align=\"center\">&nbsp;<i>Vyu\u017eijte n\u00e1v\u0161t\u011bvy \u010desk\u00fdch kn\u011b\u017e\u00ed, zvl\u00e1\u0161\u0165 jestli m\u00e1te &nbsp;z\u00e1jem o zpov\u011b\u010f nebo duchovn\u00ed pohovor s kn\u011bzem. Tak\u00e9 n\u00e1m dejte v\u011bd\u011bt o nemocn\u00fdch, kte\u0159\u00ed by cht\u011bli, aby je kn\u011bz nav\u0161t\u00edvil:<\/i>&nbsp;<i>po\u0161lete email na&nbsp;<\/i><a href=\"http:\/\/info@velehrad.org.uk\/\" target=\"_blank\" rel=\"noopener\" data-saferedirecturl=\"https:\/\/www.google.com\/url?q=http:\/\/info@velehrad.org.uk\/&amp;source=gmail&amp;ust=1714499219848000&amp;usg=AOvVaw2W9ZFUAkfF0m148aGbh7oI\"><b><i>info@velehrad.org.uk<\/i><\/b><\/a><i>&nbsp;<\/i><i>nebo zavolejte na&nbsp;<\/i><b>07468 570 551<\/b><\/p>\n","protected":false},"excerpt":{"rendered":"<p>Spr\u00e1vn\u00ed rada lond\u00fdnsk\u00e9ho Velehradu V\u00e1s srde\u010dn\u011b zve na Svatoj\u00e1nskou oslavu v ned\u011bli 12. kv\u011btna ve 2.30 hod bude slou\u017eit m\u0161i svatou (s p\u0159\u00edle\u017eitost\u00ed ke svat\u00e9 zpov\u011bdi od 1.30 hod).<br \/>\n\u00a0 <a class=\"read-more-link\" href=\"http:\/\/www.velehrad.org.uk\/?p=8774\">\u010ct\u011bte v\u00edce<\/a><\/p>\n","protected":false},"author":1,"featured_media":8777,"comment_status":"closed","ping_status":"closed","sticky":false,"template":"","format":"standard","meta":{"ngg_post_thumbnail":0,"footnotes":""},"categories":[20],"tags":[],"class_list":["post-8774","post","type-post","status-publish","format-standard","has-post-thumbnail","hentry","category-novinky"],"post_mailing_queue_ids":[],"_links":{"self":[{"href":"http:\/\/www.velehrad.org.uk\/index.php?rest_route=\/wp\/v2\/posts\/8774","targetHints":{"allow":["GET"]}}],"collection":[{"href":"http:\/\/www.velehrad.org.uk\/index.php?rest_route=\/wp\/v2\/posts"}],"about":[{"href":"http:\/\/www.velehrad.org.uk\/index.php?rest_route=\/wp\/v2\/types\/post"}],"author":[{"embeddable":true,"href":"http:\/\/www.velehrad.org.uk\/index.php?rest_route=\/wp\/v2\/users\/1"}],"replies":[{"embeddable":true,"href":"http:\/\/www.velehrad.org.uk\/index.php?rest_route=%2Fwp%2Fv2%2Fcomments&post=8774"}],"version-history":[{"count":2,"href":"http:\/\/www.velehrad.org.uk\/index.php?rest_route=\/wp\/v2\/posts\/8774\/revisions"}],"predecessor-version":[{"id":8778,"href":"http:\/\/www.velehrad.org.uk\/index.php?rest_route=\/wp\/v2\/posts\/8774\/revisions\/8778"}],"wp:featuredmedia":[{"embeddable":true,"href":"http:\/\/www.velehrad.org.uk\/index.php?rest_route=\/wp\/v2\/media\/8777"}],"wp:attachment":[{"href":"http:\/\/www.velehrad.org.uk\/index.php?rest_route=%2Fwp%2Fv2%2Fmedia&parent=8774"}],"wp:term":[{"taxonomy":"category","embeddable":true,"href":"http:\/\/www.velehrad.org.uk\/index.php?rest_route=%2Fwp%2Fv2%2Fcategories&post=8774"},{"taxonomy":"post_tag","embeddable":true,"href":"http:\/\/www.velehrad.org.uk\/index.php?rest_route=%2Fwp%2Fv2%2Ftags&post=8774"}],"curies":[{"name":"wp","href":"https:\/\/api.w.org\/{rel}","templated":true}]}}