{"id":8813,"date":"2024-09-17T14:43:12","date_gmt":"2024-09-17T12:43:12","guid":{"rendered":"http:\/\/www.velehrad.org.uk\/?p=8813"},"modified":"2024-09-17T14:45:49","modified_gmt":"2024-09-17T12:45:49","slug":"svatovaclavska-slavnost-na-velehrade-nedele-6-10","status":"publish","type":"post","link":"http:\/\/www.velehrad.org.uk\/?p=8813","title":{"rendered":"Svatov\u00e1clavsk\u00e1 slavnost na Velehrad\u011b, ned\u011ble 6.10."},"content":{"rendered":"<p style=\"text-align: center;\">Mil\u00ed p\u0159\u00e1tel\u00e9,<br \/>\nSpr\u00e1vn\u00ed rada Velehradu V\u00e1s srde\u010dn\u011b zve na<\/p>\n<p style=\"text-align: center;\"><strong>SVATOV\u00c1CLAVSKOU SLAVNOST<\/strong><br \/>\n<em>v ned\u011bli 6.10.2024 odpoledne od 2.30 do 6 hodin<\/em><\/p>\n<p style=\"text-align: center;\">Ve 2.30 h bude slou\u017eit slavnostn\u00ed m\u0161i svatou<br \/>\notec Roman Czudek<\/p>\n<p style=\"text-align: center;\">Od 3.30 \u2013 6 hodin oslav\u00edme sv\u00e1tek Svat\u00e9ho V\u00e1clava v prostor\u00e1ch Czerninova s\u00e1lu.<br \/>\nNa programu kr\u00e1tk\u00fd proslov o svat\u00e9m V\u00e1clavovi, hudebn\u00ed vystoupen\u00ed a ob\u010derstven\u00ed: posv\u00edcensk\u00e9 kol\u00e1\u010de a n\u00e1poje.<br \/>\nDejte n\u00e1m, pros\u00edm v\u011bd\u011bt do 30. z\u00e1\u0159\u00ed, zda s v\u00e1mi m\u016f\u017eeme po\u010d\u00edtat.<\/p>\n<p style=\"text-align: center;\">V\u0161ichni jste srde\u010dn\u011b zv\u00e1ni.<br \/>\nOznamte pros\u00edm \u00fa\u010dast p\u0159edem na<br \/>\nmobil 07468 570 551 nebo<br \/>\nna email marta.tomsky@velehrad.org.uk<\/p>\n<p style=\"text-align: center;\">Vstupn\u00e9 dobrovoln\u00e9<\/p>\n","protected":false},"excerpt":{"rendered":"<p>Mil\u00ed p\u0159\u00e1tel\u00e9, spr\u00e1vn\u00ed rada Velehradu V\u00e1s srde\u010dn\u011b zve na SVATOV\u00c1CLAVSKOU SLAVNOST v ned\u011bli 6.10.2024 odpoledne od 2.30 do 6 hodin <a class=\"read-more-link\" href=\"http:\/\/www.velehrad.org.uk\/?p=8813\">\u010ct\u011bte v\u00edce<\/a><\/p>\n","protected":false},"author":1,"featured_media":8815,"comment_status":"closed","ping_status":"closed","sticky":false,"template":"","format":"standard","meta":{"ngg_post_thumbnail":0,"footnotes":""},"categories":[20],"tags":[],"class_list":["post-8813","post","type-post","status-publish","format-standard","has-post-thumbnail","hentry","category-novinky"],"post_mailing_queue_ids":[],"_links":{"self":[{"href":"http:\/\/www.velehrad.org.uk\/index.php?rest_route=\/wp\/v2\/posts\/8813","targetHints":{"allow":["GET"]}}],"collection":[{"href":"http:\/\/www.velehrad.org.uk\/index.php?rest_route=\/wp\/v2\/posts"}],"about":[{"href":"http:\/\/www.velehrad.org.uk\/index.php?rest_route=\/wp\/v2\/types\/post"}],"author":[{"embeddable":true,"href":"http:\/\/www.velehrad.org.uk\/index.php?rest_route=\/wp\/v2\/users\/1"}],"replies":[{"embeddable":true,"href":"http:\/\/www.velehrad.org.uk\/index.php?rest_route=%2Fwp%2Fv2%2Fcomments&post=8813"}],"version-history":[{"count":2,"href":"http:\/\/www.velehrad.org.uk\/index.php?rest_route=\/wp\/v2\/posts\/8813\/revisions"}],"predecessor-version":[{"id":8816,"href":"http:\/\/www.velehrad.org.uk\/index.php?rest_route=\/wp\/v2\/posts\/8813\/revisions\/8816"}],"wp:featuredmedia":[{"embeddable":true,"href":"http:\/\/www.velehrad.org.uk\/index.php?rest_route=\/wp\/v2\/media\/8815"}],"wp:attachment":[{"href":"http:\/\/www.velehrad.org.uk\/index.php?rest_route=%2Fwp%2Fv2%2Fmedia&parent=8813"}],"wp:term":[{"taxonomy":"category","embeddable":true,"href":"http:\/\/www.velehrad.org.uk\/index.php?rest_route=%2Fwp%2Fv2%2Fcategories&post=8813"},{"taxonomy":"post_tag","embeddable":true,"href":"http:\/\/www.velehrad.org.uk\/index.php?rest_route=%2Fwp%2Fv2%2Ftags&post=8813"}],"curies":[{"name":"wp","href":"https:\/\/api.w.org\/{rel}","templated":true}]}}