{"id":8948,"date":"2026-01-19T12:03:10","date_gmt":"2026-01-19T10:03:10","guid":{"rendered":"https:\/\/www.velehrad.org.uk\/?p=8948"},"modified":"2026-01-19T12:03:54","modified_gmt":"2026-01-19T10:03:54","slug":"pozvanka-vzpominka-na-jana-palacha-19-1","status":"publish","type":"post","link":"https:\/\/www.velehrad.org.uk\/?p=8948","title":{"rendered":"Pozv\u00e1nka: Vzpom\u00ednka na Jana Palacha, 19.1."},"content":{"rendered":"<p style=\"text-align: center;\"><em>Spr\u00e1vn\u00ed rada lond\u00fdnsk\u00e9ho Velehradu V\u00e1s srde\u010dn\u011b zve na<\/em><\/p>\n<p style=\"text-align: center;\"><strong>VZPOM\u00cdNKU NA JANA PALACHA<\/strong><\/p>\n<p style=\"text-align: center;\">za \u00fa\u010dasti p\u0159edstavitel\u016f \u010desk\u00e9 a slovensk\u00e9 ambas\u00e1dy<\/p>\n<p style=\"text-align: center;\"><strong>v pond\u011bl\u00ed 19. ledna 2026 od 18 hodin<\/strong><br \/>\n<strong>na Velehrad\u011b, 39 Lonsdale Road, SW13 9JP<\/strong><br \/>\nPo vzpom\u00ednce bude mal\u00e9 ob\u010derstven\u00ed. P\u0159ij\u010fte a p\u0159ive\u010fte sv\u00e9 zn\u00e1m\u00e9.<\/p>\n<p style=\"text-align: center;\"><em>Je nutno se p\u0159ihl\u00e1sit nejpozd\u011bji do 14. ledna na<\/em><br \/>\n<em>marta.tomsky@velehrad.org.uk<\/em><br \/>\n<em>nebo na mobil 07858 054777<\/em><\/p>\n<p style=\"text-align: center;\">Jak na Velehrad:<\/p>\n<p style=\"text-align: center;\">nejbli\u017e\u0161\u00ed metro je HAMMERSMITH a autobus 533 (25-35min) stav\u00ed<br \/>\nna znamen\u00ed v Lonsdale Road u Velehradu (naproti St Paul\u2019s School)<\/p>\n<p style=\"text-align: center;\">nebo p\u011b\u0161ky p\u0159es most cca 15 min.<\/p>\n<p style=\"text-align: center;\">nebo vlakem z Waterloo na BARNES, odkud jede autobus 419, zastav\u00ed<br \/>\nna znamen\u00ed v Lonsdale Road u Velehradu (naproti St Paul\u2019s School),<br \/>\nnebo autobus 33 stav\u00ed v Castelnau, na rohu Lonsdale Rd.<\/p>\n","protected":false},"excerpt":{"rendered":"<p>Spr\u00e1vn\u00ed rada lond\u00fdnsk\u00e9ho Velehradu V\u00e1s srde\u010dn\u011b zve na VZPOM\u00cdNKU NA JANA PALACHA za \u00fa\u010dasti p\u0159edstavitel\u016f \u010desk\u00e9 a slovensk\u00e9 ambas\u00e1dy v pond\u011bl\u00ed 19. ledna 2026 od 18 hodin na Velehrad\u011b, 39 Lonsdale Road, SW13 9JP Po vzpom\u00ednce bude mal\u00e9 ob\u010derstven\u00ed. P\u0159ij\u010fte a p\u0159ive\u010fte sv\u00e9 zn\u00e1m\u00e9. Je nutno&hellip; <a class=\"read-more-link\" href=\"https:\/\/www.velehrad.org.uk\/?p=8948\">\u010ct\u011bte v\u00edce<\/a><\/p>\n","protected":false},"author":1,"featured_media":8734,"comment_status":"closed","ping_status":"closed","sticky":false,"template":"","format":"standard","meta":{"ngg_post_thumbnail":0,"footnotes":""},"categories":[20],"tags":[],"class_list":["post-8948","post","type-post","status-publish","format-standard","has-post-thumbnail","hentry","category-novinky"],"post_mailing_queue_ids":[],"_links":{"self":[{"href":"https:\/\/www.velehrad.org.uk\/index.php?rest_route=\/wp\/v2\/posts\/8948","targetHints":{"allow":["GET"]}}],"collection":[{"href":"https:\/\/www.velehrad.org.uk\/index.php?rest_route=\/wp\/v2\/posts"}],"about":[{"href":"https:\/\/www.velehrad.org.uk\/index.php?rest_route=\/wp\/v2\/types\/post"}],"author":[{"embeddable":true,"href":"https:\/\/www.velehrad.org.uk\/index.php?rest_route=\/wp\/v2\/users\/1"}],"replies":[{"embeddable":true,"href":"https:\/\/www.velehrad.org.uk\/index.php?rest_route=%2Fwp%2Fv2%2Fcomments&post=8948"}],"version-history":[{"count":1,"href":"https:\/\/www.velehrad.org.uk\/index.php?rest_route=\/wp\/v2\/posts\/8948\/revisions"}],"predecessor-version":[{"id":8949,"href":"https:\/\/www.velehrad.org.uk\/index.php?rest_route=\/wp\/v2\/posts\/8948\/revisions\/8949"}],"wp:featuredmedia":[{"embeddable":true,"href":"https:\/\/www.velehrad.org.uk\/index.php?rest_route=\/wp\/v2\/media\/8734"}],"wp:attachment":[{"href":"https:\/\/www.velehrad.org.uk\/index.php?rest_route=%2Fwp%2Fv2%2Fmedia&parent=8948"}],"wp:term":[{"taxonomy":"category","embeddable":true,"href":"https:\/\/www.velehrad.org.uk\/index.php?rest_route=%2Fwp%2Fv2%2Fcategories&post=8948"},{"taxonomy":"post_tag","embeddable":true,"href":"https:\/\/www.velehrad.org.uk\/index.php?rest_route=%2Fwp%2Fv2%2Ftags&post=8948"}],"curies":[{"name":"wp","href":"https:\/\/api.w.org\/{rel}","templated":true}]}}