{"id":8950,"date":"2025-12-01T12:04:14","date_gmt":"2025-12-01T10:04:14","guid":{"rendered":"https:\/\/www.velehrad.org.uk\/?p=8950"},"modified":"2026-01-19T12:05:38","modified_gmt":"2026-01-19T10:05:38","slug":"predvanocni-mse-7-prosince","status":"publish","type":"post","link":"https:\/\/www.velehrad.org.uk\/?p=8950","title":{"rendered":"P\u0159edv\u00e1no\u010dn\u00ed m\u0161e, 7. prosince"},"content":{"rendered":"<p style=\"text-align: center;\">Mil\u00ed p\u0159\u00e1tel\u00e9,<\/p>\n<p style=\"text-align: center;\">Spr\u00e1vn\u00ed rada Velehradu V\u00e1s srde\u010dn\u011b zve na<br \/>\n<strong>m\u0161i svatou v ned\u011bli 7. prosince 2025<\/strong><\/p>\n<p style=\"text-align: center;\"><strong>ve 2.30 h<\/strong><\/p>\n<p style=\"text-align: center;\">(s p\u0159\u00edle\u017eitost\u00ed ke svat\u00e9 zpov\u011bdi od 1.30 h)<br \/>\ns otcem Romanem Czudkem<br \/>\ngener\u00e1ln\u00edm sekret\u00e1\u0159em \u010cesk\u00e9 biskupsk\u00e9 conference<\/p>\n<p style=\"text-align: center;\">Po m\u0161i v\u00e1s zveme<\/p>\n<p style=\"text-align: center;\">na p\u0159edv\u00e1no\u010dn\u00ed setk\u00e1n\u00ed v 15.45 hodin<\/p>\n<p style=\"text-align: center;\">na Velehrad\u011b<\/p>\n<p style=\"text-align: center;\">Budeme zdobit pern\u00ed\u010dky a taky spole\u010dn\u011b popijeme sva\u0159\u00e1k.<br \/>\nBudeme se t\u011b\u0161it, kdy\u017e p\u0159inesete va\u0161e v\u00e1no\u010dn\u00ed pe\u010divo,<\/p>\n<p style=\"text-align: center;\">abychom porovnali v\u00fdrobky a vym\u011bnili si recepty!<\/p>\n<p style=\"text-align: center;\">\n<strong>Vstupn\u00e9 \u00a310 dosp\u011bl\u00ed, d\u011bti \u00a33<\/strong><\/p>\n<p style=\"text-align: center;\">Potvr\u010fte, pros\u00edm, \u00fa\u010dast do 3. prosince.<\/p>\n<p style=\"text-align: center;\">Po\u010det m\u00edst je omezen\u00fd!<\/p>\n<p style=\"text-align: center;\">mailem na marta.tomsky@velehrad.org.uk<\/p>\n<p style=\"text-align: center;\">nebo SMS na 07858 054 777<\/p>\n","protected":false},"excerpt":{"rendered":"<p>Mil\u00ed p\u0159\u00e1tel\u00e9, Spr\u00e1vn\u00ed rada Velehradu V\u00e1s srde\u010dn\u011b zve na m\u0161i svatou v ned\u011bli 7. prosince 2025 ve 2.30 h (s p\u0159\u00edle\u017eitost\u00ed ke svat\u00e9 zpov\u011bdi od 1.30 h) s otcem Romanem Czudkem gener\u00e1ln\u00edm sekret\u00e1\u0159em \u010cesk\u00e9 biskupsk\u00e9 conference Po m\u0161i v\u00e1s zveme na p\u0159edv\u00e1no\u010dn\u00ed setk\u00e1n\u00ed v 15.45 hodin&hellip; <a class=\"read-more-link\" href=\"https:\/\/www.velehrad.org.uk\/?p=8950\">\u010ct\u011bte v\u00edce<\/a><\/p>\n","protected":false},"author":1,"featured_media":8952,"comment_status":"closed","ping_status":"closed","sticky":false,"template":"","format":"standard","meta":{"ngg_post_thumbnail":0,"footnotes":""},"categories":[20],"tags":[],"class_list":["post-8950","post","type-post","status-publish","format-standard","has-post-thumbnail","hentry","category-novinky"],"post_mailing_queue_ids":[],"_links":{"self":[{"href":"https:\/\/www.velehrad.org.uk\/index.php?rest_route=\/wp\/v2\/posts\/8950","targetHints":{"allow":["GET"]}}],"collection":[{"href":"https:\/\/www.velehrad.org.uk\/index.php?rest_route=\/wp\/v2\/posts"}],"about":[{"href":"https:\/\/www.velehrad.org.uk\/index.php?rest_route=\/wp\/v2\/types\/post"}],"author":[{"embeddable":true,"href":"https:\/\/www.velehrad.org.uk\/index.php?rest_route=\/wp\/v2\/users\/1"}],"replies":[{"embeddable":true,"href":"https:\/\/www.velehrad.org.uk\/index.php?rest_route=%2Fwp%2Fv2%2Fcomments&post=8950"}],"version-history":[{"count":1,"href":"https:\/\/www.velehrad.org.uk\/index.php?rest_route=\/wp\/v2\/posts\/8950\/revisions"}],"predecessor-version":[{"id":8951,"href":"https:\/\/www.velehrad.org.uk\/index.php?rest_route=\/wp\/v2\/posts\/8950\/revisions\/8951"}],"wp:featuredmedia":[{"embeddable":true,"href":"https:\/\/www.velehrad.org.uk\/index.php?rest_route=\/wp\/v2\/media\/8952"}],"wp:attachment":[{"href":"https:\/\/www.velehrad.org.uk\/index.php?rest_route=%2Fwp%2Fv2%2Fmedia&parent=8950"}],"wp:term":[{"taxonomy":"category","embeddable":true,"href":"https:\/\/www.velehrad.org.uk\/index.php?rest_route=%2Fwp%2Fv2%2Fcategories&post=8950"},{"taxonomy":"post_tag","embeddable":true,"href":"https:\/\/www.velehrad.org.uk\/index.php?rest_route=%2Fwp%2Fv2%2Ftags&post=8950"}],"curies":[{"name":"wp","href":"https:\/\/api.w.org\/{rel}","templated":true}]}}