{"id":8953,"date":"2026-01-19T12:07:13","date_gmt":"2026-01-19T10:07:13","guid":{"rendered":"https:\/\/www.velehrad.org.uk\/?p=8953"},"modified":"2026-01-19T12:07:57","modified_gmt":"2026-01-19T10:07:57","slug":"prednaska-a-childhood-journey-to-belsen","status":"publish","type":"post","link":"https:\/\/www.velehrad.org.uk\/?p=8953","title":{"rendered":"P\u0159edn\u00e1\u0161ka na Velehrad\u011b: A Childhood Journey to Belsen"},"content":{"rendered":"<p style=\"text-align: center;\"><strong>A childhood journey to Belsen.<\/strong><\/p>\n<p style=\"text-align: center;\"><strong>A talk by Dr Peter Lantos<\/strong><\/p>\n<p style=\"text-align: center;\">To mark Holocaust Memorial Day, Velehrad will be hosting a talk by a<br \/>\nHolocaust survivor, Dr Peter Lantos, who was taken to Bergen Belsen<br \/>\nconcentration camp at the age of 5.&nbsp;&nbsp;The talk will be in English<\/p>\n<p style=\"text-align: center;\">on<br \/>\n&nbsp;<\/p>\n<p style=\"text-align: center;\"><strong>Thursday 15 th &nbsp;January 2026 at 5pm in Velehrad<\/strong><\/p>\n<p style=\"text-align: center;\">39 Lonsdale Road, Barnes, SW13 9JP<\/p>\n<p style=\"text-align: center;\">To register for this event please email&nbsp;&nbsp;marta.tomsky@velehrad.org.uk&nbsp;&nbsp;<\/p>\n<p style=\"text-align: center;\">by 12th January 2026<\/p>\n","protected":false},"excerpt":{"rendered":"<p>A childhood journey to Belsen. A talk by Dr Peter Lantos To mark Holocaust Memorial Day, Velehrad will be hosting a talk by a Holocaust survivor, Dr Peter Lantos, who was taken to Bergen Belsen concentration camp at the age of 5.&nbsp;&nbsp;The talk will be in&hellip; <a class=\"read-more-link\" href=\"https:\/\/www.velehrad.org.uk\/?p=8953\">\u010ct\u011bte v\u00edce<\/a><\/p>\n","protected":false},"author":1,"featured_media":8955,"comment_status":"closed","ping_status":"closed","sticky":false,"template":"","format":"standard","meta":{"ngg_post_thumbnail":0,"footnotes":""},"categories":[20],"tags":[],"class_list":["post-8953","post","type-post","status-publish","format-standard","has-post-thumbnail","hentry","category-novinky"],"post_mailing_queue_ids":[],"_links":{"self":[{"href":"https:\/\/www.velehrad.org.uk\/index.php?rest_route=\/wp\/v2\/posts\/8953","targetHints":{"allow":["GET"]}}],"collection":[{"href":"https:\/\/www.velehrad.org.uk\/index.php?rest_route=\/wp\/v2\/posts"}],"about":[{"href":"https:\/\/www.velehrad.org.uk\/index.php?rest_route=\/wp\/v2\/types\/post"}],"author":[{"embeddable":true,"href":"https:\/\/www.velehrad.org.uk\/index.php?rest_route=\/wp\/v2\/users\/1"}],"replies":[{"embeddable":true,"href":"https:\/\/www.velehrad.org.uk\/index.php?rest_route=%2Fwp%2Fv2%2Fcomments&post=8953"}],"version-history":[{"count":2,"href":"https:\/\/www.velehrad.org.uk\/index.php?rest_route=\/wp\/v2\/posts\/8953\/revisions"}],"predecessor-version":[{"id":8956,"href":"https:\/\/www.velehrad.org.uk\/index.php?rest_route=\/wp\/v2\/posts\/8953\/revisions\/8956"}],"wp:featuredmedia":[{"embeddable":true,"href":"https:\/\/www.velehrad.org.uk\/index.php?rest_route=\/wp\/v2\/media\/8955"}],"wp:attachment":[{"href":"https:\/\/www.velehrad.org.uk\/index.php?rest_route=%2Fwp%2Fv2%2Fmedia&parent=8953"}],"wp:term":[{"taxonomy":"category","embeddable":true,"href":"https:\/\/www.velehrad.org.uk\/index.php?rest_route=%2Fwp%2Fv2%2Fcategories&post=8953"},{"taxonomy":"post_tag","embeddable":true,"href":"https:\/\/www.velehrad.org.uk\/index.php?rest_route=%2Fwp%2Fv2%2Ftags&post=8953"}],"curies":[{"name":"wp","href":"https:\/\/api.w.org\/{rel}","templated":true}]}}